{"id":22527,"date":"2026-09-04T18:17:12","date_gmt":"2026-09-04T18:17:12","guid":{"rendered":"https:\/\/jucunda-juechen.de\/?p=22527"},"modified":"2026-09-04T18:17:15","modified_gmt":"2026-09-04T18:17:15","slug":"begruessung-der-neuen-auszubildenden-bei-der-stadt-juechen","status":"publish","type":"post","link":"https:\/\/jucunda-juechen.de\/?p=22527","title":{"rendered":"Begr\u00fc\u00dfung der neuen Auszubildenden bei der Stadt J\u00fcchen"},"content":{"rendered":"\n<p class=\"wp-block-paragraph\">J\u00fcchen: &#8211; Auch in diesem Jahr beginnen zahlreiche junge Menschen ihre Berufsausbildung bei der Stadt J\u00fcchen. Am 01. September begr\u00fc\u00dfte B\u00fcrgermeister Philipp Sieben gemeinsam mit der Leiterin des Haupt- und Personalamts Pia Gille\u00dfen, dem Vorsitzenden des Personalrats Sebastian B\u00fcll und der k\u00fcnftigen Ausbildungsleiterin Silke Rafaneli insgesamt 15 motivierte Berufsanf\u00e4ngerinnen und -anf\u00e4nger im J\u00fcchener Rathaus. Auch die Gleichstellungsbeauftragte Andrea Schiffer lie\u00df es sich nicht nehmen, die neuen Auszubildenden willkommen zu hei\u00dfen.<\/p>\n\n\n\n<p class=\"wp-block-paragraph\">In der Verwaltung beginnen zwei Nachwuchskr\u00e4fte ihren Dienst. Ebenfalls zwei Kollegen starten beim Baubetriebshof; elf Kr\u00e4fte nehmen ihre Ausbildung in den Kindertagesst\u00e4tten auf.<\/p>\n\n\n\n<p class=\"wp-block-paragraph\">Luis Sonnet erhielt die Ernennungsurkunde zum Stadtinspektoranw\u00e4rter. Er wird das duale Studium an der Hochschule f\u00fcr Polizei und \u00f6ffentliche Verwaltung NRW in K\u00f6ln aufnehmen. Dieses endet in drei Jahren mit dem Abschluss Bachelor of Laws.<\/p>\n\n\n\n<p class=\"wp-block-paragraph\">Zo\u00e9 Daguhn beginnt eine Ausbildung zur Verwaltungsfachangestellten. In ihrer dreij\u00e4hrigen Berufsausbildung wird sie die verschiedenen \u00c4mter der Stadtverwaltung kennenlernen. Der Fachunterricht wird am Studieninstitut f\u00fcr kommunale Verwaltung sowie am Berufskolleg in D\u00fcsseldorf durchgef\u00fchrt.<\/p>\n\n\n\n<p class=\"wp-block-paragraph\">Eine Ausbildung zum G\u00e4rtner in der Fachrichtung Garten- und Landschaftsbau starten Fynn Schaefer und Jonas Schmitz beim Baubetriebshof der Stadt J\u00fcchen.<\/p>\n\n\n\n<p class=\"wp-block-paragraph\">Eine praxisintegrierte Ausbildung zur\/zum Erzieher\/in (PIA) beginnen in diesem Jahr Patrick Bresch, Stefanie Bring, Sophia Cremer, Emily Lindgens, Giada Perez, Daniela Prusseit, Antonia Rieden, Fiona Struwe, Selin Topuz, Jacqueline Wirtz und Justus Yazdirad. Drei Jahre lang werden sie zur\/zum staatlich anerkannten Erzieher\/in ausgebildet, wobei sie im Wechsel die Teams in den Kindertagesst\u00e4tten verst\u00e4rken und in der \u00fcbrigen Zeit im Berufskolleg die theoretischen Inhalte erlernen.<\/p>\n\n\n\n<p class=\"wp-block-paragraph\">Die Stadt J\u00fcchen bildet seit Jahren intensiv aus, um dem Fachkr\u00e4ftemangel zu begegnen.<\/p>\n\n\n\n<p class=\"wp-block-paragraph\">Den Nachwuchskr\u00e4ften wurde ein kleines Willkommenspaket \u00fcberreicht.<\/p>\n\n\n<div class=\"wp-block-image\">\n<figure class=\"aligncenter size-large\"><img data-recalc-dims=\"1\" loading=\"lazy\" decoding=\"async\" width=\"750\" height=\"500\" data-attachment-id=\"22528\" data-permalink=\"https:\/\/jucunda-juechen.de\/?attachment_id=22528\" data-orig-file=\"https:\/\/i0.wp.com\/jucunda-juechen.de\/wp-content\/uploads\/2026\/09\/Auszubildende-2026-1-scaled.jpg?fit=2560%2C1708&amp;ssl=1\" data-orig-size=\"2560,1708\" data-comments-opened=\"1\" data-image-meta=\"{&quot;aperture&quot;:&quot;0&quot;,&quot;credit&quot;:&quot;&quot;,&quot;camera&quot;:&quot;&quot;,&quot;caption&quot;:&quot;&quot;,&quot;created_timestamp&quot;:&quot;0&quot;,&quot;copyright&quot;:&quot;&quot;,&quot;focal_length&quot;:&quot;0&quot;,&quot;iso&quot;:&quot;0&quot;,&quot;shutter_speed&quot;:&quot;0&quot;,&quot;title&quot;:&quot;&quot;,&quot;orientation&quot;:&quot;0&quot;,&quot;alt&quot;:&quot;&quot;}\" data-image-title=\"Auszubildende 2026 -1\" data-image-description=\"\" data-image-caption=\"\" data-large-file=\"https:\/\/i0.wp.com\/jucunda-juechen.de\/wp-content\/uploads\/2026\/09\/Auszubildende-2026-1-scaled.jpg?fit=750%2C500&amp;ssl=1\" src=\"https:\/\/i0.wp.com\/jucunda-juechen.de\/wp-content\/uploads\/2026\/09\/Auszubildende-2026-1.jpg?resize=750%2C500\" alt=\"\" class=\"wp-image-22528\" srcset=\"https:\/\/i0.wp.com\/jucunda-juechen.de\/wp-content\/uploads\/2026\/09\/Auszubildende-2026-1-scaled.jpg?resize=1024%2C683&amp;ssl=1 1024w, https:\/\/i0.wp.com\/jucunda-juechen.de\/wp-content\/uploads\/2026\/09\/Auszubildende-2026-1-scaled.jpg?resize=300%2C200&amp;ssl=1 300w, https:\/\/i0.wp.com\/jucunda-juechen.de\/wp-content\/uploads\/2026\/09\/Auszubildende-2026-1-scaled.jpg?resize=768%2C512&amp;ssl=1 768w, https:\/\/i0.wp.com\/jucunda-juechen.de\/wp-content\/uploads\/2026\/09\/Auszubildende-2026-1-scaled.jpg?resize=1536%2C1025&amp;ssl=1 1536w, https:\/\/i0.wp.com\/jucunda-juechen.de\/wp-content\/uploads\/2026\/09\/Auszubildende-2026-1-scaled.jpg?resize=2048%2C1366&amp;ssl=1 2048w, https:\/\/i0.wp.com\/jucunda-juechen.de\/wp-content\/uploads\/2026\/09\/Auszubildende-2026-1-scaled.jpg?resize=420%2C280&amp;ssl=1 420w, https:\/\/i0.wp.com\/jucunda-juechen.de\/wp-content\/uploads\/2026\/09\/Auszubildende-2026-1-scaled.jpg?resize=400%2C267&amp;ssl=1 400w, https:\/\/i0.wp.com\/jucunda-juechen.de\/wp-content\/uploads\/2026\/09\/Auszubildende-2026-1-scaled.jpg?w=2250 2250w\" sizes=\"auto, (max-width: 750px) 100vw, 750px\" \/><figcaption class=\"wp-element-caption\">von links nach rechts &#8211; hintere Reihe: Jonas Schmitz, Luis Sonnet, Fynn Schaefer, Zo\u00e9 Daguhn, Pia Cremer, Daniela Prusseit, Emily Lindgens, Andrea Schiffer, Jacqueline Wirtz, Sebastian B\u00fcll, Pia Gille\u00dfen; vordere Reihe: Justus Yazdirad, Giada Perez, Selin Topuz, Fiona Struwe, Stefanie Bring, Antonia Rieden, Patrick Bresch, B\u00fcrgermeister Philipp Sieben, Silke Rafaneli<br>(Foto: Stadt J\u00fcchen)<\/figcaption><\/figure>\n<\/div>\n\n\n<p class=\"wp-block-paragraph\"><\/p>\n","protected":false},"excerpt":{"rendered":"<p>J\u00fcchen: &#8211; Auch in diesem Jahr beginnen zahlreiche junge Menschen ihre Berufsausbildung bei der Stadt J\u00fcchen. Am 01. September begr\u00fc\u00dfte B\u00fcrgermeister Philipp Sieben gemeinsam mit<\/p>\n","protected":false},"author":1,"featured_media":22528,"comment_status":"open","ping_status":"open","sticky":false,"template":"","format":"standard","meta":{"_jetpack_newsletter_access":"","_jetpack_dont_email_post_to_subs":false,"_jetpack_newsletter_tier_id":0,"_jetpack_memberships_contains_paywalled_content":false,"_jetpack_feature_clip_id":0,"_jetpack_memberships_contains_paid_content":false,"footnotes":"","jetpack_publicize_message":"","jetpack_publicize_feature_enabled":true,"jetpack_social_post_already_shared":true,"jetpack_social_options":{"image_generator_settings":{"template":"highway","default_image_id":0,"font":"","enabled":false},"version":2},"jetpack_post_was_ever_published":false},"categories":[5],"tags":[],"class_list":["post-22527","post","type-post","status-publish","format-standard","has-post-thumbnail","hentry","category-politik-und-verwaltung"],"jetpack_publicize_connections":[],"jetpack_sharing_enabled":true,"jetpack_shortlink":"https:\/\/wp.me\/p7Oer9-5Rl","jetpack-related-posts":[],"jetpack_featured_media_url":"https:\/\/i0.wp.com\/jucunda-juechen.de\/wp-content\/uploads\/2026\/09\/Auszubildende-2026-1-scaled.jpg?fit=2560%2C1708&ssl=1","_links":{"self":[{"href":"https:\/\/jucunda-juechen.de\/index.php?rest_route=\/wp\/v2\/posts\/22527","targetHints":{"allow":["GET"]}}],"collection":[{"href":"https:\/\/jucunda-juechen.de\/index.php?rest_route=\/wp\/v2\/posts"}],"about":[{"href":"https:\/\/jucunda-juechen.de\/index.php?rest_route=\/wp\/v2\/types\/post"}],"author":[{"embeddable":true,"href":"https:\/\/jucunda-juechen.de\/index.php?rest_route=\/wp\/v2\/users\/1"}],"replies":[{"embeddable":true,"href":"https:\/\/jucunda-juechen.de\/index.php?rest_route=%2Fwp%2Fv2%2Fcomments&post=22527"}],"version-history":[{"count":1,"href":"https:\/\/jucunda-juechen.de\/index.php?rest_route=\/wp\/v2\/posts\/22527\/revisions"}],"predecessor-version":[{"id":22531,"href":"https:\/\/jucunda-juechen.de\/index.php?rest_route=\/wp\/v2\/posts\/22527\/revisions\/22531"}],"wp:featuredmedia":[{"embeddable":true,"href":"https:\/\/jucunda-juechen.de\/index.php?rest_route=\/wp\/v2\/media\/22528"}],"wp:attachment":[{"href":"https:\/\/jucunda-juechen.de\/index.php?rest_route=%2Fwp%2Fv2%2Fmedia&parent=22527"}],"wp:term":[{"taxonomy":"category","embeddable":true,"href":"https:\/\/jucunda-juechen.de\/index.php?rest_route=%2Fwp%2Fv2%2Fcategories&post=22527"},{"taxonomy":"post_tag","embeddable":true,"href":"https:\/\/jucunda-juechen.de\/index.php?rest_route=%2Fwp%2Fv2%2Ftags&post=22527"}],"curies":[{"name":"wp","href":"https:\/\/api.w.org\/{rel}","templated":true}]}}