{"id":22511,"date":"2026-08-31T17:26:03","date_gmt":"2026-08-31T17:26:03","guid":{"rendered":"https:\/\/jucunda-juechen.de\/?p=22511"},"modified":"2026-08-31T17:26:06","modified_gmt":"2026-08-31T17:26:06","slug":"rhein-kreis-neuss-uebergibt-foerderbescheid-an-die-stiftung-schloss-dyck","status":"publish","type":"post","link":"https:\/\/jucunda-juechen.de\/?p=22511","title":{"rendered":"Rhein-Kreis Neuss \u00fcbergibt F\u00f6rderbescheid an die Stiftung Schloss Dyck"},"content":{"rendered":"\n<p class=\"wp-block-paragraph\">Rhein-Kreis Neuss \/ J\u00fcchen. &#8211; Ein weiterer wichtiger Schritt f\u00fcr die Umsetzung des Projekts \u201eBlauGr\u00fcnSchlossDyck\u201c der Stiftung Schloss Dyck ist getan: Der Rhein-Kreis Neuss stellt die erforderlichen Eigenmittel f\u00fcr die F\u00f6rderung des Projektes in H\u00f6he von 460 000 Euro zur Verf\u00fcgung. Landr\u00e4tin Katharina Reinhold und Kreisdirektor Dirk Br\u00fcgge \u00fcbergaben den entsprechenden F\u00f6rderbescheid an Jens Spanjer vom Vorstand der Stiftung Schloss Dyck.<br>Das Projekt \u201eBlauGr\u00fcnSchlossDyck\u201c verbindet Natur- und Klimaschutz, Bildung und die historische Bedeutung des Schlossparks. Im Mittelpunkt stehen die F\u00f6rderung der Biodiversit\u00e4t, die Anpassung an den Klimawandel und insbesondere die Renaturierung und Revitalisierung des Kelzenberger Bachs, der durch die durch den Kohleabbau bedingte Grundwasserabsenkung trocken gelaufen ist. Der historische Wasserlauf soll wieder st\u00e4rker als pr\u00e4gendes Element des Parks erlebbar werden und zugleich sollen neue Lebensr\u00e4ume f\u00fcr Pflanzen und Tiere geschaffen werden.<br>Landr\u00e4tin Katharina Reinhold hebt hervor, dass der Rhein-Kreis Neuss mit der F\u00f6rderung die Stiftung Schloss Dyck und deren Engagement f\u00fcr eine nachhaltige Entwicklung des historischen Landschaftsparks zu einem lebendigen, \u00f6kologisch wertvollen und zukunftsorientierten Ort unterst\u00fctzt. \u201eSchloss Dyck ist ein weit \u00fcber die Grenzen des Rhein-Kreis Neuss hinaus bekannter und gesch\u00e4tzter Ort. Mit der Umsetzung des Projektvorhabens wird Bestehendes bewahrt und dieser Ort zugleich fit f\u00fcr die Zukunft gemacht: \u00b4BlauGr\u00fcnSchlossDyck\u00b4 verbindet den Erhalt unseres kulturellen Erbes mit konkretem Natur- und Klimaschutz und schafft neue M\u00f6glichkeiten f\u00fcr Bildung und Begegnung. Diese Ziele unterst\u00fctzen wir als Kreis\u201c, so die Landr\u00e4tin.<br>Das Vorhaben zeigt beispielhaft, wie die Folgen des Strukturwandels genutzt werden k\u00f6nnen, um bestehende Landschaftsr\u00e4ume nachhaltig weiterzuentwickeln. Die Wiederherstellung von Wasserl\u00e4ufen und Auenbereichen tr\u00e4gt dabei nicht nur zur \u00f6kologischen Vielfalt bei. Auch Fragen der Klimaanpassung, des Wasserr\u00fcckhalts und der Aufenthaltsqualit\u00e4t spielen eine wichtige Rolle. Kreisdirektor Dirk Br\u00fcgge betont: \u201eDie heutige \u00dcbergabe des F\u00f6rderbescheids des Rhein-Kreis Neuss ist ein wichtiges Signal: Wir wollen nicht nur \u00fcber nachhaltigen Strukturwandel sprechen, sondern ihn konkret gestalten. Hier entsteht ein Raum, der \u00f6kologische Entwicklung, Bildung und regionale Identit\u00e4t miteinander verbindet.\u201c<br>Die Stiftung Schloss Dyck sieht in dem Projekt ebenfalls eine gro\u00dfe Chance. \u201eDie geplanten Ma\u00dfnahmen sollen den Park \u00f6kologisch aufwerten und gleichzeitig f\u00fcr Besucherinnen und Besucher neue Zug\u00e4nge zu den Themen Wasser, Natur und Biodiversit\u00e4t schaffen\u201c, erl\u00e4utert Jens Spanjer vom Vorstand der Stiftung Schloss Dyck. Vorgesehen seien unter anderem ein Naturlehrpfad mit interaktiven Stationen, ein \u201eblau-gr\u00fcnes Klassenzimmer\u201c sowie weitere Angebote, die \u00f6kologische Zusammenh\u00e4nge anschaulich vermitteln.<br>Die Gesamtma\u00dfnahme wird im Rahmen des Bundesprogramms \u201eKommunale Modellvorhaben zur Umsetzung der \u00f6kologischen Nachhaltigkeitsziele in Strukturwandelregionen\u201c (KoMoNa) durch das Bundesministerium f\u00fcr Umwelt, Klimaschutz, Naturschutz und nukleare Sicherheit mit einer F\u00f6rderquote von 80 Prozent der Ausgaben gef\u00f6rdert. Der Rhein-Kreis Neuss \u00fcbernimmt hierbei die Finanzierung der Eigenmittel in H\u00f6he von bis zu 460 000 Euro. Die Fertigstellung aller Ma\u00dfnahmen und Abschluss des Projektes ist f\u00fcr September 2028 geplant.<\/p>\n\n\n\n<p class=\"wp-block-paragraph\"><\/p>\n\n\n\n<p class=\"wp-block-paragraph\">Foto V.l.: Kreisdirektor Dirk Br\u00fcgge, Sven Schumacher (Leiter der Stabsstelle Strukturwandel Rhein-Kreis Neuss), Jens Spanjer vom Vorstand der Stiftung Schloss Dyck, Landr\u00e4tin Katharina Reinhold und Anisha Schr\u00f6der (Projektmanagerin BlauGr\u00fcnSchlossDyck)<br>Foto: W. Walter \/ Rhein-Kreis Neuss<\/p>\n","protected":false},"excerpt":{"rendered":"<p>Rhein-Kreis Neuss \/ J\u00fcchen. &#8211; Ein weiterer wichtiger Schritt f\u00fcr die Umsetzung des Projekts \u201eBlauGr\u00fcnSchlossDyck\u201c der Stiftung Schloss Dyck ist getan: Der Rhein-Kreis Neuss stellt<\/p>\n","protected":false},"author":1,"featured_media":22512,"comment_status":"open","ping_status":"open","sticky":false,"template":"","format":"standard","meta":{"_jetpack_newsletter_access":"","_jetpack_dont_email_post_to_subs":false,"_jetpack_newsletter_tier_id":0,"_jetpack_memberships_contains_paywalled_content":false,"_jetpack_feature_clip_id":0,"_jetpack_memberships_contains_paid_content":false,"footnotes":"","jetpack_publicize_message":"","jetpack_publicize_feature_enabled":true,"jetpack_social_post_already_shared":true,"jetpack_social_options":{"image_generator_settings":{"template":"highway","default_image_id":0,"font":"","enabled":false},"version":2},"jetpack_post_was_ever_published":false},"categories":[6,18],"tags":[],"class_list":["post-22511","post","type-post","status-publish","format-standard","has-post-thumbnail","hentry","category-rhein-kreis-neuss","category-schloss-dyck"],"jetpack_publicize_connections":[],"jetpack_sharing_enabled":true,"jetpack_shortlink":"https:\/\/wp.me\/p7Oer9-5R5","jetpack-related-posts":[],"jetpack_featured_media_url":"https:\/\/i0.wp.com\/jucunda-juechen.de\/wp-content\/uploads\/2026\/08\/RKN-Foerderbescheid-Renaturierung-2026-08-26-7046-scaled.jpg?fit=2560%2C1707&ssl=1","_links":{"self":[{"href":"https:\/\/jucunda-juechen.de\/index.php?rest_route=\/wp\/v2\/posts\/22511","targetHints":{"allow":["GET"]}}],"collection":[{"href":"https:\/\/jucunda-juechen.de\/index.php?rest_route=\/wp\/v2\/posts"}],"about":[{"href":"https:\/\/jucunda-juechen.de\/index.php?rest_route=\/wp\/v2\/types\/post"}],"author":[{"embeddable":true,"href":"https:\/\/jucunda-juechen.de\/index.php?rest_route=\/wp\/v2\/users\/1"}],"replies":[{"embeddable":true,"href":"https:\/\/jucunda-juechen.de\/index.php?rest_route=%2Fwp%2Fv2%2Fcomments&post=22511"}],"version-history":[{"count":1,"href":"https:\/\/jucunda-juechen.de\/index.php?rest_route=\/wp\/v2\/posts\/22511\/revisions"}],"predecessor-version":[{"id":22513,"href":"https:\/\/jucunda-juechen.de\/index.php?rest_route=\/wp\/v2\/posts\/22511\/revisions\/22513"}],"wp:featuredmedia":[{"embeddable":true,"href":"https:\/\/jucunda-juechen.de\/index.php?rest_route=\/wp\/v2\/media\/22512"}],"wp:attachment":[{"href":"https:\/\/jucunda-juechen.de\/index.php?rest_route=%2Fwp%2Fv2%2Fmedia&parent=22511"}],"wp:term":[{"taxonomy":"category","embeddable":true,"href":"https:\/\/jucunda-juechen.de\/index.php?rest_route=%2Fwp%2Fv2%2Fcategories&post=22511"},{"taxonomy":"post_tag","embeddable":true,"href":"https:\/\/jucunda-juechen.de\/index.php?rest_route=%2Fwp%2Fv2%2Ftags&post=22511"}],"curies":[{"name":"wp","href":"https:\/\/api.w.org\/{rel}","templated":true}]}}