{"id":22520,"date":"2026-09-01T18:02:40","date_gmt":"2026-09-01T18:02:40","guid":{"rendered":"https:\/\/jucunda-juechen.de\/?p=22520"},"modified":"2026-09-01T18:02:42","modified_gmt":"2026-09-01T18:02:42","slug":"13-09-stadtfest-sommersause-2026","status":"publish","type":"post","link":"http:\/\/jucunda-juechen.de\/?p=22520","title":{"rendered":"13.09.: Stadtfest Sommersause 2026"},"content":{"rendered":"\n<p class=\"wp-block-paragraph\">J\u00fcchen: &#8211; Am 13. September 2026 findet zum elften Mal das J\u00fcchener Stadtfest \u2013 die SOMMERSAUSE \u2013 statt. Das Stadtfest wird von der Stadt J\u00fcchen mit Unterst\u00fctzung der Gewerbetreibenden sowie \u00f6rtlicher Vereine f\u00fcr alle B\u00fcrgerinnen und B\u00fcrger ausgerichtet.<\/p>\n\n\n\n<p class=\"wp-block-paragraph\">In der Zeit von 12 bis 18 Uhr pr\u00e4sentieren sich auf dem Markt in J\u00fcchen Handel, Dienstleister, Handwerker, Organisationen, Vereine und Gastronomen an rund 60 Verkaufs- und Pr\u00e4sentationsst\u00e4nden. Details zu den Ausstellern finden sich unter <a href=\"http:\/\/www.gewerbe-juechen.de\">www.gewerbe-juechen.de<\/a>. Auch der Global Player Polo ist mit einem gro\u00dfen Stand vertreten. Polo bietet den Besucherinnen und Besuchern des Stadtfestes zus\u00e4tzlich kostenfreie Parkpl\u00e4tze an.<\/p>\n\n\n\n<p class=\"wp-block-paragraph\">Im Rahmen des Stadtfestes findet ein verkaufsoffener Sonntag statt. Bei einer Gesch\u00e4fterallye warten verschiedene tolle Preise auf die Teilnehmerinnen und Teilnehmer.<\/p>\n\n\n\n<p class=\"wp-block-paragraph\">F\u00fcr das leibliche Wohl sorgen einige Foodtrucks sowie die lokal ans\u00e4ssigen Gastronomen. Bei \u201eMeine K\u00f6lsche K\u00fcche\u201c ist der Name Programm: hier kommen traditionelle k\u00f6lsche Gerichte auf den Teller. Auch Willi Kebben ist mit der ber\u00fchmten Kebben-Wurst und Pommes dabei. Urlaubsfeeling inklusive gibt es mit den niederl\u00e4ndischen Spezialit\u00e4ten der mobilen Pommesbude \u201eHei\u00df &amp; Knusprig\u201c, bei der man sich unter anderem mit Frikandel und Friet Speciaal st\u00e4rken kann. Die mobile Bar \u201eBrandl\u00f6scher\u201c bietet ein umfangreiches Getr\u00e4nkeangebot und sogar Slush Ice an. K\u00f6stliches italienisches Eis bringt der Eiswagen des Eiscaf\u00e9s Stasi zum Sommerfest.<\/p>\n\n\n\n<p class=\"wp-block-paragraph\">Die Veranstaltung richtet sich an die ganze Familie. Kinder werden sich unter anderem \u00fcber eine Malaktion und einen Ballonk\u00fcnstler freuen. Am Stand der Stadt J\u00fcchen erwartet die Kids ein spa\u00dfiges Reaktionsspiel, das auch Erwachsene begeistern wird.<\/p>\n\n\n\n<p class=\"wp-block-paragraph\">Auch das B\u00fchnenprogramm \u2013 moderiert von Peter Sonnet \u2013 auf der von der NEW AG freundlicherweise zur Verf\u00fcgung gestellten B\u00fchne kann sich sehen lassen: ab 12:15 Uhr treten die Kinder der J\u00fcchener Grundschulen mit den JeKits und der SingPause der Musikschule Rhein-Kreis-Neuss auf. Es folgt ab 12:45 eine energiegeladene, einst\u00fcndige Konzeptshow von PottBullar mit Familienrap. Ab 14 Uhr wird Evaa das Publikum mitrei\u00dfen \u2013 die talentierte Gieratherin ist bekannt aus The Voice Kids. Der TV J\u00fcchen tritt ab 15:30 Uhr mit Zumba und Tanz ins Rampenlicht. Zwischendurch f\u00fchrt Peter Sonnet Interviews mit neuen J\u00fcchener Unternehmern.<\/p>\n\n\n\n<p class=\"wp-block-paragraph\">Parallel findet der 8. Stadtlauf statt, der auch in diesem Jahr von der Dreambig Sport-Agentur unter der Leitung von Robin Pesch organisiert wird: Beim \u201eAutohaus Gerresheim Stadtlauf\u201c ist jeder als Teilnehmer willkommen. Ab 13 Uhr werden die Startnummern ausgegeben. Es folgen um 14 Uhr der Kids aktiv Run, um 15 Uhr die f\u00fcnf und zehn Kilometer L\u00e4ufe sowie um 15:03 Uhr die Sch\u00fclerl\u00e4ufe \u00fcber einen oder zwei Kilometer. Die Siegerehrung findet um 16:30 Uhr auf der B\u00fchne statt. Weitere Infos dazu finden sich auf <a href=\"http:\/\/www.stadtlauf-juechen.de\">www.stadtlauf-juechen.de<\/a>.<\/p>\n\n\n\n<p class=\"wp-block-paragraph\">B\u00fcrgermeister Philipp Sieben wird das Fest um 12 Uhr er\u00f6ffnen. \u201eIch freue mich auf viele Besucherinnen und Besucher bei unserem schon traditionellen Stadtfest. Mein Dank gilt allen Ausstellerinnen und Ausstellern und vor allem auch dem engagierten Vorsitzenden des Runden Tischs des Gewerbes J\u00fcchen, Peter Sonnet sowie Robin Pesch von der Agentur Dreambig. Ich w\u00fcnsche allen Beteiligten eine unterhaltsame, interessante Zeit und viel Freude bei unserem Stadtfest\u201c, so der B\u00fcrgermeister.<\/p>\n\n\n\n<p class=\"wp-block-paragraph\"><\/p>\n","protected":false},"excerpt":{"rendered":"<p>J\u00fcchen: &#8211; Am 13. September 2026 findet zum elften Mal das J\u00fcchener Stadtfest \u2013 die SOMMERSAUSE \u2013 statt. Das Stadtfest wird von der Stadt J\u00fcchen<\/p>\n","protected":false},"author":1,"featured_media":22521,"comment_status":"open","ping_status":"open","sticky":false,"template":"","format":"standard","meta":{"_jetpack_newsletter_access":"","_jetpack_dont_email_post_to_subs":false,"_jetpack_newsletter_tier_id":0,"_jetpack_memberships_contains_paywalled_content":false,"_jetpack_feature_clip_id":0,"_jetpack_memberships_contains_paid_content":false,"footnotes":"","jetpack_publicize_message":"","jetpack_publicize_feature_enabled":true,"jetpack_social_post_already_shared":true,"jetpack_social_options":{"image_generator_settings":{"template":"highway","default_image_id":0,"font":"","enabled":false},"version":2},"jetpack_post_was_ever_published":false},"categories":[8],"tags":[],"class_list":["post-22520","post","type-post","status-publish","format-standard","has-post-thumbnail","hentry","category-termine"],"jetpack_publicize_connections":[],"jetpack_sharing_enabled":true,"jetpack_shortlink":"https:\/\/wp.me\/p7Oer9-5Re","jetpack-related-posts":[],"jetpack_featured_media_url":"https:\/\/i0.wp.com\/jucunda-juechen.de\/wp-content\/uploads\/2026\/09\/Sommersause-2026-001.jpg?fit=2048%2C1366","_links":{"self":[{"href":"http:\/\/jucunda-juechen.de\/index.php?rest_route=\/wp\/v2\/posts\/22520","targetHints":{"allow":["GET"]}}],"collection":[{"href":"http:\/\/jucunda-juechen.de\/index.php?rest_route=\/wp\/v2\/posts"}],"about":[{"href":"http:\/\/jucunda-juechen.de\/index.php?rest_route=\/wp\/v2\/types\/post"}],"author":[{"embeddable":true,"href":"http:\/\/jucunda-juechen.de\/index.php?rest_route=\/wp\/v2\/users\/1"}],"replies":[{"embeddable":true,"href":"http:\/\/jucunda-juechen.de\/index.php?rest_route=%2Fwp%2Fv2%2Fcomments&post=22520"}],"version-history":[{"count":1,"href":"http:\/\/jucunda-juechen.de\/index.php?rest_route=\/wp\/v2\/posts\/22520\/revisions"}],"predecessor-version":[{"id":22525,"href":"http:\/\/jucunda-juechen.de\/index.php?rest_route=\/wp\/v2\/posts\/22520\/revisions\/22525"}],"wp:featuredmedia":[{"embeddable":true,"href":"http:\/\/jucunda-juechen.de\/index.php?rest_route=\/wp\/v2\/media\/22521"}],"wp:attachment":[{"href":"http:\/\/jucunda-juechen.de\/index.php?rest_route=%2Fwp%2Fv2%2Fmedia&parent=22520"}],"wp:term":[{"taxonomy":"category","embeddable":true,"href":"http:\/\/jucunda-juechen.de\/index.php?rest_route=%2Fwp%2Fv2%2Fcategories&post=22520"},{"taxonomy":"post_tag","embeddable":true,"href":"http:\/\/jucunda-juechen.de\/index.php?rest_route=%2Fwp%2Fv2%2Ftags&post=22520"}],"curies":[{"name":"wp","href":"https:\/\/api.w.org\/{rel}","templated":true}]}}