{"id":22518,"date":"2026-09-01T18:01:14","date_gmt":"2026-09-01T18:01:14","guid":{"rendered":"https:\/\/jucunda-juechen.de\/?p=22518"},"modified":"2026-09-01T18:01:17","modified_gmt":"2026-09-01T18:01:17","slug":"29-09-aelterwerden-in-juechen","status":"publish","type":"post","link":"http:\/\/jucunda-juechen.de\/?p=22518","title":{"rendered":"29.09.: \u00c4lterwerden in J\u00fcchen\u201c"},"content":{"rendered":"\n<p class=\"wp-block-paragraph\">J\u00fcchen: Im Rahmen der Veranstaltungsreihe \u201e\u00c4lterwerden in J\u00fcchen\u201c findet am Dienstag, 29. September, von 15.00 &#8211; 17.00 Uhr im Besprechungsraum von Haus Katz in J\u00fcchen, Alleestra\u00dfe, ein Vortrag zum Thema Einbruchschutz durch die Polizei NRW statt.<\/p>\n\n\n\n<p class=\"wp-block-paragraph\">Ein Einbruch in die eigenen vier W\u00e4nde ist f\u00fcr viele Menschen nicht nur ein finanzieller Schaden, sondern auch ein erheblicher Eingriff in das pers\u00f6nliche Sicherheitsgef\u00fchl. Wie man sich wirksam sch\u00fctzen kann, k\u00f6nnen Interessierte bei dem Vortrag der Polizei erfahren.<\/p>\n\n\n\n<p class=\"wp-block-paragraph\">Im Mittelpunkt stehen praktische und leicht umsetzbare Ma\u00dfnahmen, mit denen Hauseigent\u00fcmer und Mieter ihr Haus oder ihre Wohnung besser sichern k\u00f6nnen. Dabei geht es unter anderem um die Absicherung von T\u00fcren und Fenstern, geeignete technische Sicherungen sowie das richtige Verhalten bei verd\u00e4chtigen Beobachtungen.<\/p>\n\n\n\n<p class=\"wp-block-paragraph\">Die Veranstaltung bietet zudem die M\u00f6glichkeit, Fragen rund um den individuellen Einbruchschutz zu stellen und sich \u00fcber aktuelle Empfehlungen und M\u00f6glichkeiten der Pr\u00e4vention zu informieren. Zielgruppe sind Seniorinnen und Senioren sowie alle Interessierten, die sich mit dem Thema Vorsorge befassen m\u00f6chten. Die Teilnahme ist kostenfrei.<\/p>\n\n\n\n<p class=\"wp-block-paragraph\">Es wird um Anmeldung unter der Tel.-Nr. 0163 6052040, bzw. Mail an <a href=\"mailto:c.langen@diakonie-rkn.de\">c.langen@diakonie-rkn.de<\/a> gebeten.<\/p>\n\n\n\n<p class=\"wp-block-paragraph\">Unter dem Motto \u201e\u00c4lterwerden in J\u00fcchen\u201c haben sich der Caritasverband Rhein-Kreis Neuss, der Kreisverband Grevenbroich e.V. des Deutschen Roten Kreuzes, die Diakonie des Rhein-Kreises Neuss sowie die Stadt J\u00fcchen als Akteure der Seniorenarbeit zusammengeschlossen und pr\u00e4sentieren eine Reihe von Angeboten, um die Bed\u00fcrfnisse, Anliegen sowie verschieden Interessenbereiche der \u00e4lteren Bev\u00f6lkerung zu beleuchten.<\/p>\n\n\n\n<p class=\"wp-block-paragraph\">Ein besonderer Dank gilt der B\u00fcrgerstiftung J\u00fcchen, die alle Veranstaltungstermine dieser Reihe mittels Bewirtung unterst\u00fctzt.<\/p>\n\n\n\n<p class=\"wp-block-paragraph\"><\/p>\n","protected":false},"excerpt":{"rendered":"<p>J\u00fcchen: Im Rahmen der Veranstaltungsreihe \u201e\u00c4lterwerden in J\u00fcchen\u201c findet am Dienstag, 29. September, von 15.00 &#8211; 17.00 Uhr im Besprechungsraum von Haus Katz in J\u00fcchen,<\/p>\n","protected":false},"author":1,"featured_media":21362,"comment_status":"open","ping_status":"open","sticky":false,"template":"","format":"standard","meta":{"_jetpack_newsletter_access":"","_jetpack_dont_email_post_to_subs":false,"_jetpack_newsletter_tier_id":0,"_jetpack_memberships_contains_paywalled_content":false,"_jetpack_feature_clip_id":0,"_jetpack_memberships_contains_paid_content":false,"footnotes":"","jetpack_publicize_message":"","jetpack_publicize_feature_enabled":true,"jetpack_social_post_already_shared":true,"jetpack_social_options":{"image_generator_settings":{"template":"highway","default_image_id":0,"font":"","enabled":false},"version":2},"jetpack_post_was_ever_published":false},"categories":[8],"tags":[],"class_list":["post-22518","post","type-post","status-publish","format-standard","has-post-thumbnail","hentry","category-termine"],"jetpack_publicize_connections":[],"jetpack_sharing_enabled":true,"jetpack_shortlink":"https:\/\/wp.me\/p7Oer9-5Rc","jetpack-related-posts":[],"jetpack_featured_media_url":"https:\/\/i0.wp.com\/jucunda-juechen.de\/wp-content\/uploads\/2025\/10\/a-Logo_Stadt_Juechen_klein__-2.jpg?fit=1600%2C1131","_links":{"self":[{"href":"http:\/\/jucunda-juechen.de\/index.php?rest_route=\/wp\/v2\/posts\/22518","targetHints":{"allow":["GET"]}}],"collection":[{"href":"http:\/\/jucunda-juechen.de\/index.php?rest_route=\/wp\/v2\/posts"}],"about":[{"href":"http:\/\/jucunda-juechen.de\/index.php?rest_route=\/wp\/v2\/types\/post"}],"author":[{"embeddable":true,"href":"http:\/\/jucunda-juechen.de\/index.php?rest_route=\/wp\/v2\/users\/1"}],"replies":[{"embeddable":true,"href":"http:\/\/jucunda-juechen.de\/index.php?rest_route=%2Fwp%2Fv2%2Fcomments&post=22518"}],"version-history":[{"count":1,"href":"http:\/\/jucunda-juechen.de\/index.php?rest_route=\/wp\/v2\/posts\/22518\/revisions"}],"predecessor-version":[{"id":22519,"href":"http:\/\/jucunda-juechen.de\/index.php?rest_route=\/wp\/v2\/posts\/22518\/revisions\/22519"}],"wp:featuredmedia":[{"embeddable":true,"href":"http:\/\/jucunda-juechen.de\/index.php?rest_route=\/wp\/v2\/media\/21362"}],"wp:attachment":[{"href":"http:\/\/jucunda-juechen.de\/index.php?rest_route=%2Fwp%2Fv2%2Fmedia&parent=22518"}],"wp:term":[{"taxonomy":"category","embeddable":true,"href":"http:\/\/jucunda-juechen.de\/index.php?rest_route=%2Fwp%2Fv2%2Fcategories&post=22518"},{"taxonomy":"post_tag","embeddable":true,"href":"http:\/\/jucunda-juechen.de\/index.php?rest_route=%2Fwp%2Fv2%2Ftags&post=22518"}],"curies":[{"name":"wp","href":"https:\/\/api.w.org\/{rel}","templated":true}]}}