{"id":21647,"date":"2026-01-20T07:23:49","date_gmt":"2026-01-20T07:23:49","guid":{"rendered":"http:\/\/jucunda-juechen.de\/?p=21647"},"modified":"2026-04-02T18:25:36","modified_gmt":"2026-04-02T18:25:36","slug":"neuorganisation-der-polizeikraefte-im-kreis-gewaehrleistet-effizienteren-und-flexibleren-einsatz-landraetin-katharina-reinhold-sicherheit-hat-fuer-mich-oberste-prioritaet","status":"publish","type":"post","link":"http:\/\/jucunda-juechen.de\/?p=21647","title":{"rendered":"Neuorganisation der Polizeikr\u00e4fte im Kreis gew\u00e4hrleistet effizienteren und flexibleren Einsatz Landr\u00e4tin Katharina Reinhold: &#8222;Sicherheit hat f\u00fcr mich oberste Priorit\u00e4t&#8220;"},"content":{"rendered":"\n<p class=\"wp-block-paragraph\">Rhein-Kreis Neuss (ots) &#8211; Im Rahmen einer umfassenden Untersuchung der personellen und organisatorischen Einsatzstrukturen der Polizei im Kreisgebiet wurden die bestehenden Kr\u00e4fteverteilungen und Einsatzbelastungen der Kreispolizeibeh\u00f6rde Rhein-Kreis Neuss analysiert. Ziel dieser Untersuchung ist es, die Leistungsf\u00e4higkeit der Polizei langfristig zu sichern und gleichzeitig den Anforderungen an eine moderne, flexible und b\u00fcrgernahe Polizeiarbeit gerecht zu werden.<\/p>\n\n\n\n<p class=\"wp-block-paragraph\">&#8222;Sicherheit und das Sicherheitsgef\u00fchl der Menschen haben f\u00fcr mich oberste Priorit\u00e4t. Mit der Untersuchung sowie der nun anstehenden Pilotphase m\u00f6chten wir die Pr\u00e4senz der Polizei in der Fl\u00e4che st\u00e4rken&#8220;, erl\u00e4utert Landr\u00e4tin Katharina Reinhold und erg\u00e4nzt: &#8222;Mir ist wichtig, dass Polizei im gesamten Kreisgebiet bestm\u00f6glich auf der Stra\u00dfe pr\u00e4sent, f\u00fcr die B\u00fcrgerinnen und B\u00fcrger jederzeit ansprechbar und im Einsatzfall schnellstm\u00f6glich vor Ort ist. Wir m\u00f6chten die Einsatzkr\u00e4fte daher im gr\u00f6\u00dftm\u00f6glichen Umfang auf die Stra\u00dfe bringen. So ist die Polizei am besten sichtbar und auch f\u00fcr die Menschen ansprechbar.&#8220;<\/p>\n\n\n\n<p class=\"wp-block-paragraph\">Die Analyse der kreisweiten Einsatzzahlen der vergangenen Jahre hat gezeigt, dass sich das Einsatzaufkommen sehr ungleich auf das Kreisgebiet verteilt und die verf\u00fcgbaren Polizeikr\u00e4fte nicht in gleichem Ma\u00dfe ausgelastet sind. Vor diesem Hintergrund wurde entschieden, die vorhandenen Kr\u00e4fte effizienter und flexibler auszurichten. Wie dies gelingen kann, wird seit dem 4. November 2025 durch zun\u00e4chst vor\u00fcbergehende organisatorische Anpassungen erprobt. So l\u00e4uft bereits seit dem 4. November 2025 auf der Polizeiwache in J\u00fcchen eine Testphase, bei der Einsatzkr\u00e4fte ihren Dienst zentralisiert in Grevenbroich aufnehmen. Die Auswertung hat bislang gezeigt, dass durch diese organisatorische Anpassung notwendige Dienst- und Wegezeiten zu Dienstbeginn und zum Dienstende, bei der die Dienstwaffen zun\u00e4chst in Grevenbroich abgeholt werden mussten, reduziert werden k\u00f6nnen, ohne die Polizeipr\u00e4senz vor Ort zu reduzieren. Dies erm\u00f6glicht, die Einsatzmittel durch die gewonnene Kapazit\u00e4t schneller, flexibler und bedarfsgerechter dort einzusetzen, wo sie tats\u00e4chlich ben\u00f6tigt werden. Gleichzeitig bleiben die Polizeikr\u00e4fte f\u00fcr die B\u00fcrgerinnen und B\u00fcrger unver\u00e4ndert ansprechbar. Das bedeutet, dass die Bezirksbeamten unver\u00e4ndert den Polizeiposten vor Ort besetzen und die Einsatzreaktionszeiten im landesweiten Vergleich einen Spitzenwert behalten. Au\u00dferhalb der Dienstzeiten und in den Zeiten, in denen die Bezirksbeamten im Wachbezirk unterwegs sind, laufen pers\u00f6nliche Kontaktanfragen vor Ort nicht ins Leere, sondern werden wie bisher erfolgreich praktiziert \u00fcber die Klingelanlage unmittelbare an die Leitstelle der Polizei geleitet. Auf Grundlage der bisherigen Erkenntnisse ist vorgesehen, den Pilotbetrieb bis Ende Mai 2026 fortzusetzen und ab M\u00e4rz 2026 auch auf die Wachbezirke in Korschenbroich, Kaarst und Meerbusch auszuweiten, um die polizeiliche Aufgabenerf\u00fcllung kreisweit zu verbessern. Die Erkenntnisse werden w\u00e4hrend der Pilotphase dauerhaft evaluiert. Nach Abschluss soll dann eine Entscheidung \u00fcber eine dauerhafte Struktur getroffen werden. Auch im Rahmen dieser Erweiterung bedeutet dies f\u00fcr die B\u00fcrgerinnen und B\u00fcrger, dass die Polizei weiterhin und unver\u00e4ndert an den Standorten rund um die Uhr erreichbar bleibt und gleichzeitig noch zielgerichteter und wirkungsvoller eingesetzt werden kann. &#8222;Die Ma\u00dfnahmen dienen ausdr\u00fccklich nicht dem Abbau von Polizeipr\u00e4senz, sondern der St\u00e4rkung der Einsatzf\u00e4higkeit, der bestm\u00f6glichen Pr\u00e4senz der Polizei auf der Stra\u00dfe und damit der Steigerung der polizeilichen Kriminalit\u00e4tsbek\u00e4mpfung sowie Einsatzwahrnehmung&#8220;, macht Landr\u00e4tin Katharina Reinhold deutlich.<\/p>\n\n\n\n<p class=\"wp-block-paragraph\">In den Wachbezirken J\u00fcchen, Korschenbroich, Kaarst und Meerbusch bedeutet dies f\u00fcr die Dauer der Pilotphase konkret folgende \u00c4nderungen:<\/p>\n\n\n\n<p class=\"wp-block-paragraph\">J\u00fcchen: In J\u00fcchen starten die Einsatzfahrzeuge zentral aus Grevenbroich, die Polizei ist dort wie bisher unver\u00e4ndert auch \u00fcber den \u00f6rtlichen Bezirksdienst oder \u00fcber die Klingel rund um die Uhr erreichbar. Die polizeiliche Pr\u00e4senz ist wie vor der Pilotphase gew\u00e4hrleistet.<\/p>\n\n\n\n<p class=\"wp-block-paragraph\">Korschenbroich: In Korschenbroich starten die Einsatzfahrzeuge zentral aus Kaarst, die Polizei ist dort wie bisher auch \u00fcber den \u00f6rtlichen Bezirksdienst oder \u00fcber die Klingel rund um die Uhr ansprechbar. Die polizeiliche Pr\u00e4senz ist wie vor der Pilotphase gew\u00e4hrleistet.<\/p>\n\n\n\n<p class=\"wp-block-paragraph\">Kaarst: Von der Polizeiwache in Kaarst starten die Einsatzfahrzeuge der Wachbezirke Kaarst, Korschenbroich und Meerbusch alle zentral in ihre Streifenbezirke, um dort die Eins\u00e4tze wahrzunehmen und polizeiliche Pr\u00e4senz zu gew\u00e4hrleisten. Die Polizeiwache ist rund um die Uhr besetzt, die polizeiliche Pr\u00e4senz ebenfalls unver\u00e4ndert gew\u00e4hrleistet.<\/p>\n\n\n\n<p class=\"wp-block-paragraph\">Meerbusch: In Meerbusch starten die Einsatzfahrzeuge ebenfalls zentral in Kaarst. Der \u00f6rtliche Bezirksdienst wird nach wie vor von der Holbeinstra\u00dfe aus Dienst versehen und in s\u00e4mtlichen Stadtteilen unver\u00e4ndert pr\u00e4sent sein. Hier wird im Rahmen des Pilotbetriebs noch gepr\u00fcft, ob und wie der Standort zus\u00e4tzlich rund um die Uhr besetzt wird. Die polizeiliche Pr\u00e4senz bleibt unver\u00e4ndert gew\u00e4hrleistet.<\/p>\n","protected":false},"excerpt":{"rendered":"<p>Rhein-Kreis Neuss (ots) &#8211; Im Rahmen einer umfassenden Untersuchung der personellen und organisatorischen Einsatzstrukturen der Polizei im Kreisgebiet wurden die bestehenden Kr\u00e4fteverteilungen und Einsatzbelastungen der<\/p>\n","protected":false},"author":1,"featured_media":9436,"comment_status":"open","ping_status":"open","sticky":false,"template":"","format":"standard","meta":{"_crdt_document":"","jetpack_post_was_ever_published":false,"_jetpack_newsletter_access":"","_jetpack_dont_email_post_to_subs":false,"_jetpack_newsletter_tier_id":0,"_jetpack_memberships_contains_paywalled_content":false,"_jetpack_memberships_contains_paid_content":false,"footnotes":"","jetpack_publicize_message":"","jetpack_publicize_feature_enabled":true,"jetpack_social_post_already_shared":true,"jetpack_social_options":{"image_generator_settings":{"template":"highway","default_image_id":0,"font":"","enabled":false},"version":2}},"categories":[7],"tags":[],"class_list":["post-21647","post","type-post","status-publish","format-standard","has-post-thumbnail","hentry","category-archiv"],"jetpack_publicize_connections":[],"jetpack_featured_media_url":"https:\/\/i0.wp.com\/jucunda-juechen.de\/wp-content\/uploads\/2019\/10\/Rhein-Kreis-Neuss.jpg?fit=341%2C400","jetpack_sharing_enabled":true,"jetpack_shortlink":"https:\/\/wp.me\/p7Oer9-5D9","jetpack-related-posts":[],"_links":{"self":[{"href":"http:\/\/jucunda-juechen.de\/index.php?rest_route=\/wp\/v2\/posts\/21647","targetHints":{"allow":["GET"]}}],"collection":[{"href":"http:\/\/jucunda-juechen.de\/index.php?rest_route=\/wp\/v2\/posts"}],"about":[{"href":"http:\/\/jucunda-juechen.de\/index.php?rest_route=\/wp\/v2\/types\/post"}],"author":[{"embeddable":true,"href":"http:\/\/jucunda-juechen.de\/index.php?rest_route=\/wp\/v2\/users\/1"}],"replies":[{"embeddable":true,"href":"http:\/\/jucunda-juechen.de\/index.php?rest_route=%2Fwp%2Fv2%2Fcomments&post=21647"}],"version-history":[{"count":1,"href":"http:\/\/jucunda-juechen.de\/index.php?rest_route=\/wp\/v2\/posts\/21647\/revisions"}],"predecessor-version":[{"id":21648,"href":"http:\/\/jucunda-juechen.de\/index.php?rest_route=\/wp\/v2\/posts\/21647\/revisions\/21648"}],"wp:featuredmedia":[{"embeddable":true,"href":"http:\/\/jucunda-juechen.de\/index.php?rest_route=\/wp\/v2\/media\/9436"}],"wp:attachment":[{"href":"http:\/\/jucunda-juechen.de\/index.php?rest_route=%2Fwp%2Fv2%2Fmedia&parent=21647"}],"wp:term":[{"taxonomy":"category","embeddable":true,"href":"http:\/\/jucunda-juechen.de\/index.php?rest_route=%2Fwp%2Fv2%2Fcategories&post=21647"},{"taxonomy":"post_tag","embeddable":true,"href":"http:\/\/jucunda-juechen.de\/index.php?rest_route=%2Fwp%2Fv2%2Ftags&post=21647"}],"curies":[{"name":"wp","href":"https:\/\/api.w.org\/{rel}","templated":true}]}}